{"id":578,"date":"2023-09-11T19:50:00","date_gmt":"2023-09-12T00:50:00","guid":{"rendered":"https:\/\/gaffel.co\/?p=578"},"modified":"2025-10-30T16:25:00","modified_gmt":"2025-10-30T21:25:00","slug":"proyecto-h-de-hombres-de-claudia-isabel-palacios","status":"publish","type":"post","link":"https:\/\/gaffel.co\/en\/proyecto-h-de-hombres-de-claudia-isabel-palacios\/","title":{"rendered":"\u201cProject H\u2026 of men\u201d by Claudia Isabel Palacios."},"content":{"rendered":"<p>Felipe Bay\u00f3n, former president of Ecopetrol, faced this question from his son upon hearing the news that the US Soccer Federation had to pay the same salary to its women's players as to its men's players: \"Dad, can you guarantee that this won't happen at Ecopetrol and that women do earn the same as men when they have the same job?\"<\/p>\n\n\n\n<p>Bay\u00f3n is part of the group of men who founded 'Project H', an initiative of the Center for Corporate Governance Studies, of the College of Advanced Administration Studies (CESA), which began with the publication of the book Male Leadership for Diversity, Equity and Inclusion.<\/p>\n\n\n\n<p>In it, 9 men from the Colombian corporate world narrate how they realized that part of their role as leaders is to contribute to gender equality, and they talk about what it has meant for them as professionals to assume the commitment to move from awareness to action. All of them, as good businessmen, showed the results of this awareness with numbers. For example, Miguel Cort\u00e9s Kotal, president of Grupo Bol\u00edvar, said: \u201cIn the construction company we have 38% women, while the average of women in that sector is 10%...<\/p>\n\n\n\n<p>Para conocer datos de Gaffel en este \u00e1mbito, <a href=\"https:\/\/www.flipsnack.com\/CCA6559BDC9\/gaffel-news-edici-n-14-julio-2023\/full-view.html\" target=\"_blank\" rel=\"noreferrer noopener nofollow\"><strong>lee completa esta noticia<\/strong><\/a> y encuentra otras de inter\u00e9s en la \u00faltima edici\u00f3n de nuestra revista digital Gaffel News.<\/p>\n\n\n\n<p>Source: <a href=\"https:\/\/www.eltiempo.com\/opinion\/columnistas\/claudia-palacios\/proyecto-h-de-hombres-columna-de-claudia-palacios-779674\" target=\"_blank\" rel=\"noreferrer noopener nofollow\">Proyecto H de hombres &#8211; columna de Claudia Palacios<\/a><\/p>\n\n\n\n<p><\/p>","protected":false},"excerpt":{"rendered":"<p>9 Colombian Corporate Men Narrate How They Realized Part of Their Role as Leaders is to Contribute to Gender Equity.<\/p>","protected":false},"author":1,"featured_media":579,"comment_status":"open","ping_status":"open","sticky":false,"template":"","format":"standard","meta":{"content-type":"","_joinchat":[],"footnotes":""},"categories":[1],"tags":[],"class_list":["post-578","post","type-post","status-publish","format-standard","has-post-thumbnail","hentry","category-sin-categoria"],"_links":{"self":[{"href":"https:\/\/gaffel.co\/en\/wp-json\/wp\/v2\/posts\/578","targetHints":{"allow":["GET"]}}],"collection":[{"href":"https:\/\/gaffel.co\/en\/wp-json\/wp\/v2\/posts"}],"about":[{"href":"https:\/\/gaffel.co\/en\/wp-json\/wp\/v2\/types\/post"}],"author":[{"embeddable":true,"href":"https:\/\/gaffel.co\/en\/wp-json\/wp\/v2\/users\/1"}],"replies":[{"embeddable":true,"href":"https:\/\/gaffel.co\/en\/wp-json\/wp\/v2\/comments?post=578"}],"version-history":[{"count":3,"href":"https:\/\/gaffel.co\/en\/wp-json\/wp\/v2\/posts\/578\/revisions"}],"predecessor-version":[{"id":3652,"href":"https:\/\/gaffel.co\/en\/wp-json\/wp\/v2\/posts\/578\/revisions\/3652"}],"wp:featuredmedia":[{"embeddable":true,"href":"https:\/\/gaffel.co\/en\/wp-json\/wp\/v2\/media\/579"}],"wp:attachment":[{"href":"https:\/\/gaffel.co\/en\/wp-json\/wp\/v2\/media?parent=578"}],"wp:term":[{"taxonomy":"category","embeddable":true,"href":"https:\/\/gaffel.co\/en\/wp-json\/wp\/v2\/categories?post=578"},{"taxonomy":"post_tag","embeddable":true,"href":"https:\/\/gaffel.co\/en\/wp-json\/wp\/v2\/tags?post=578"}],"curies":[{"name":"wp","href":"https:\/\/api.w.org\/{rel}","templated":true}]}}