{"id":1657,"date":"2023-12-12T20:12:00","date_gmt":"2023-12-13T01:12:00","guid":{"rendered":"https:\/\/gaffel.co\/?p=1657"},"modified":"2025-12-19T10:20:14","modified_gmt":"2025-12-19T15:20:14","slug":"german-velasquez-asume-el-cargo-como-nuevo-director-del-invima","status":"publish","type":"post","link":"https:\/\/gaffel.co\/en\/german-velasquez-asume-el-cargo-como-nuevo-director-del-invima\/","title":{"rendered":"Germ\u00e1n Vel\u00e1squez takes office as the new director of Invima."},"content":{"rendered":"<p>On October 28, President Gustavo Petro announced the appointment of Germ\u00e1n Vel\u00e1squez as director of the National Institute for Food and Drug Surveillance (INVIMA). Vel\u00e1squez, With a solid background in philosophy and a master's degree in economics, he has two decades of experience experience at the World Health Organization (WHO), where he held the position of director of the Program of Medicines and Traditional Medicine. His appointment comes after the resignation of three directors in charge of INVIMA, generating criticism, especially due to the drug shortages, a problem that still has no definitive solution.<\/p>\n\n\n\n<p>Germ\u00e1n Vel\u00e1squez, born in Manizales in 1948, has been recognized with multiple doctorates Honoris Causa by prominent institutions such as the University of Caldas and the University Complutense University of Madrid. His experience also includes a management position in a laboratory American pharmacist in Indonesia in 1970 and his involvement in the South Centre, a intergovernmental organization that provides advice to 54 developing nations. According to According to Semana magazine, Vel\u00e1squez has provided advisory services in Mozambique and Mali in Africa, working closely with Ministries of Health in key areas such as public health, health economics and medicines. His appointment seeks to provide a international perspective and solid experience to lead INVIMA at a critical moment for public health in Colombia.<\/p>\n\n\n\n<p>Conoce al nuevo director del Invima que buscar\u00e1 impactar positivamente con su liderazgo dentro del sector, leyendo completa nuestra <a href=\"https:\/\/www.flipsnack.com\/CCA6559BDC9\/gaffel-news-edici-n-18-noviembre-2023\/full-view.html\" rel=\"nofollow noopener\" target=\"_blank\">noticia en Gaffel News<\/a>.<\/p>\n\n\n\n<p>Source:\u00a0<a href=\"https:\/\/consultorsalud.com\/german-velasquez-director-del-invima\/\" rel=\"nofollow noopener\" target=\"_blank\">Consultor Salud<\/a> <\/p>","protected":false},"excerpt":{"rendered":"<p>Germ\u00e1n Vel\u00e1squez is the new Director of Invima! With extensive experience at the WHO and a distinguished international career, Vel\u00e1squez assumes a crucial role amidst challenges such as drug shortages. His exceptional profile and previous contributions to public health promise solid leadership.<\/p>","protected":false},"author":1,"featured_media":1658,"comment_status":"open","ping_status":"open","sticky":false,"template":"","format":"standard","meta":{"content-type":"","_joinchat":[],"footnotes":""},"categories":[1],"tags":[],"class_list":["post-1657","post","type-post","status-publish","format-standard","has-post-thumbnail","hentry","category-sin-categoria"],"_links":{"self":[{"href":"https:\/\/gaffel.co\/en\/wp-json\/wp\/v2\/posts\/1657","targetHints":{"allow":["GET"]}}],"collection":[{"href":"https:\/\/gaffel.co\/en\/wp-json\/wp\/v2\/posts"}],"about":[{"href":"https:\/\/gaffel.co\/en\/wp-json\/wp\/v2\/types\/post"}],"author":[{"embeddable":true,"href":"https:\/\/gaffel.co\/en\/wp-json\/wp\/v2\/users\/1"}],"replies":[{"embeddable":true,"href":"https:\/\/gaffel.co\/en\/wp-json\/wp\/v2\/comments?post=1657"}],"version-history":[{"count":2,"href":"https:\/\/gaffel.co\/en\/wp-json\/wp\/v2\/posts\/1657\/revisions"}],"predecessor-version":[{"id":3876,"href":"https:\/\/gaffel.co\/en\/wp-json\/wp\/v2\/posts\/1657\/revisions\/3876"}],"wp:featuredmedia":[{"embeddable":true,"href":"https:\/\/gaffel.co\/en\/wp-json\/wp\/v2\/media\/1658"}],"wp:attachment":[{"href":"https:\/\/gaffel.co\/en\/wp-json\/wp\/v2\/media?parent=1657"}],"wp:term":[{"taxonomy":"category","embeddable":true,"href":"https:\/\/gaffel.co\/en\/wp-json\/wp\/v2\/categories?post=1657"},{"taxonomy":"post_tag","embeddable":true,"href":"https:\/\/gaffel.co\/en\/wp-json\/wp\/v2\/tags?post=1657"}],"curies":[{"name":"wp","href":"https:\/\/api.w.org\/{rel}","templated":true}]}}