{"id":1649,"date":"2023-12-12T20:10:00","date_gmt":"2023-12-13T01:10:00","guid":{"rendered":"https:\/\/gaffel.co\/?p=1649"},"modified":"2025-12-19T10:12:37","modified_gmt":"2025-12-19T15:12:37","slug":"la-artritis-reumatoidea-una-enfermedad-que-impacta-a-los-colombianos","status":"publish","type":"post","link":"https:\/\/gaffel.co\/en\/la-artritis-reumatoidea-una-enfermedad-que-impacta-a-los-colombianos\/","title":{"rendered":"Rheumatoid arthritis, a disease that impacts Colombians."},"content":{"rendered":"<p>In commemoration of World Rheumatoid Arthritis (RA) Day on October 12, the following is highlighted:\nImportance of addressing this chronic systemic inflammatory disease in Colombia. Recognized as a high-cost disease since 2009, RA has been the subject of special attention with the implementation of an administrative and clinical registry in 2015. This registry, established through resolution 1393, collects essential information on demographics, comorbidities, treatments, disease activity, and associated costs, thus contributing to more efficient management of this condition.<\/p>\n\n\n\n<p>In the period between July 2022 and June 2023, the highest number of cases was reported. RA prevalent cases to the High Cost Account, reaching the figure of 119,089. Although there was an increase in incident cases, a decrease was recorded in 2021 due to the COVID-19 emergency. However, the last period reported the highest number of new cases since the start of follow-up. Notably, about 96% of prevalent cases were not identified in the population groups described, but among those identified, the majority correspond to Afro-Colombian people, followed by the indigenous population.<\/p>\n\n\n\n<p>Rheumatoid arthritis remains a significant concern for thousands of Colombians, affecting their quality of life considerably. Awareness, early diagnosis, and access to effective treatments are essential to improve the situation of those living with this disease in the country.<\/p>\n\n\n\n<p>Ent\u00e9rate sobre el aumento de casos, las estad\u00edsticas m\u00e1s recientes y c\u00f3mo esta enfermedad afecta a la poblaci\u00f3n colombiana leyendo la noticia completa en nuestra <a href=\"https:\/\/www.flipsnack.com\/CCA6559BDC9\/gaffel-news-edici-n-18-noviembre-2023\/full-view.html\" rel=\"nofollow noopener\" target=\"_blank\">\u00faltima edici\u00f3n de Gaffel News<\/a>.<\/p>\n\n\n\n<p>Source:\u00a0<a href=\"https:\/\/consultorsalud.com\/artritis-reumatoide-impacta-a-colombianos\/\" rel=\"nofollow noopener\" target=\"_blank\">Consultor Salud<\/a> <\/p>\n\n\n\n<p><\/p>","protected":false},"excerpt":{"rendered":"<p>Discover the reality of Rheumatoid Arthritis in Colombia. The national registry reveals impactful data! Who are the most affected, and what is the path toward a better quality of life?<\/p>","protected":false},"author":1,"featured_media":1650,"comment_status":"open","ping_status":"open","sticky":false,"template":"","format":"standard","meta":{"content-type":"","_joinchat":[],"footnotes":""},"categories":[1],"tags":[],"class_list":["post-1649","post","type-post","status-publish","format-standard","has-post-thumbnail","hentry","category-sin-categoria"],"_links":{"self":[{"href":"https:\/\/gaffel.co\/en\/wp-json\/wp\/v2\/posts\/1649","targetHints":{"allow":["GET"]}}],"collection":[{"href":"https:\/\/gaffel.co\/en\/wp-json\/wp\/v2\/posts"}],"about":[{"href":"https:\/\/gaffel.co\/en\/wp-json\/wp\/v2\/types\/post"}],"author":[{"embeddable":true,"href":"https:\/\/gaffel.co\/en\/wp-json\/wp\/v2\/users\/1"}],"replies":[{"embeddable":true,"href":"https:\/\/gaffel.co\/en\/wp-json\/wp\/v2\/comments?post=1649"}],"version-history":[{"count":2,"href":"https:\/\/gaffel.co\/en\/wp-json\/wp\/v2\/posts\/1649\/revisions"}],"predecessor-version":[{"id":3862,"href":"https:\/\/gaffel.co\/en\/wp-json\/wp\/v2\/posts\/1649\/revisions\/3862"}],"wp:featuredmedia":[{"embeddable":true,"href":"https:\/\/gaffel.co\/en\/wp-json\/wp\/v2\/media\/1650"}],"wp:attachment":[{"href":"https:\/\/gaffel.co\/en\/wp-json\/wp\/v2\/media?parent=1649"}],"wp:term":[{"taxonomy":"category","embeddable":true,"href":"https:\/\/gaffel.co\/en\/wp-json\/wp\/v2\/categories?post=1649"},{"taxonomy":"post_tag","embeddable":true,"href":"https:\/\/gaffel.co\/en\/wp-json\/wp\/v2\/tags?post=1649"}],"curies":[{"name":"wp","href":"https:\/\/api.w.org\/{rel}","templated":true}]}}